{"id":34953,"date":"2024-08-21T10:06:14","date_gmt":"2024-08-21T08:06:14","guid":{"rendered":"https:\/\/www.dakd.de\/?p=34953"},"modified":"2024-11-25T20:11:25","modified_gmt":"2024-11-25T19:11:25","slug":"der-primas-empfing-weihbischof-rolf-steinhaeuser-und-generalvikar-und-dompropst-msgr-guido-assmann","status":"publish","type":"post","link":"https:\/\/www.dakd.de\/am\/der-primas-empfing-weihbischof-rolf-steinhaeuser-und-generalvikar-und-dompropst-msgr-guido-assmann\/","title":{"rendered":"Der Primas empfing Weihbischof Rolf Steinh\u00e4user und Generalvikar und Dompropst Msgr. Guido Assmann"},"content":{"rendered":"<div class=\"fusion-fullwidth fullwidth-box fusion-builder-row-1 fusion-flex-container has-pattern-background has-mask-background nonhundred-percent-fullwidth non-hundred-percent-height-scrolling\" style=\"--awb-border-radius-top-left:0px;--awb-border-radius-top-right:0px;--awb-border-radius-bottom-right:0px;--awb-border-radius-bottom-left:0px;--awb-flex-wrap:wrap;\" ><div class=\"fusion-builder-row fusion-row fusion-flex-align-items-flex-start fusion-flex-content-wrap\" style=\"max-width:1248px;margin-left: calc(-4% \/ 2 );margin-right: calc(-4% \/ 2 );\"><div class=\"fusion-layout-column fusion_builder_column fusion-builder-column-0 fusion_builder_column_1_1 1_1 fusion-flex-column\" style=\"--awb-bg-size:cover;--awb-width-large:100%;--awb-margin-top-large:0px;--awb-spacing-right-large:1.92%;--awb-margin-bottom-large:20px;--awb-spacing-left-large:1.92%;--awb-width-medium:100%;--awb-order-medium:0;--awb-spacing-right-medium:1.92%;--awb-spacing-left-medium:1.92%;--awb-width-small:100%;--awb-order-small:0;--awb-spacing-right-small:1.92%;--awb-spacing-left-small:1.92%;\"><div class=\"fusion-column-wrapper fusion-column-has-shadow fusion-flex-justify-content-flex-start fusion-content-layout-column\"><div class=\"fusion-text fusion-text-1\"><div class=\"xdj266r x11i5rnm xat24cr x1mh8g0r x1vvkbs x126k92a\">\n<div dir=\"auto\">Am 15. August 2024, hie\u00df der Primas G\u00e4ste aus dem Erzbistum K\u00f6ln, den f\u00fcr die \u00d6kumene zust\u00e4ndigen Weihbischof Rolf Steinh\u00e4user und den Generalvikar und Dompropst Msgr. Guido Assmann, in der Di\u00f6zese willkommen.<\/div>\n<div dir=\"auto\"><\/div>\n<\/div>\n<div class=\"x11i5rnm xat24cr x1mh8g0r x1vvkbs xtlvy1s x126k92a\">\n<div dir=\"auto\">Der Anlass der Begegnung war die \u00dcberlegung einer m\u00f6glichen gemeinsamen \u00f6kumenischen Verehrung von Gregor von Narek (Hl. Grigor Naregatzi), einem der bedeutendsten armenischen Heiligen, in K\u00f6ln. Dabei wurden verschiedene Ideen ausgetauscht, um die Wichtigkeit dieses Heiligen f\u00fcr die Betonung gemeinsamer Glaubenswurzeln und die Vertiefung der \u00f6kumenischen Beziehungen hervorzuheben.<\/div>\n<div dir=\"auto\">_____<\/div>\n<\/div>\n<div class=\"x11i5rnm xat24cr x1mh8g0r x1vvkbs xtlvy1s x126k92a\">\n<div dir=\"auto\">Gregor Naregatzi (geboren um 950 im armenischen Dorf Narek bei Vansee, verstorben und begraben im Kloster von Narek 1005) wurde in fr\u00fchen Jugendjahren M\u00f6nch und mit 25 Jahren Priester. Er lehrte und verfasste wichtige Schriften \u00fcber Theologie, Mathematik, Literatur, Musik usw. und wurde Abt des Klosters von Narek, welches aber 1915 im Zuge des V\u00f6lkermordes an den Armeniern verw\u00fcstet wurde.<\/div>\n<div dir=\"auto\"><\/div>\n<\/div>\n<div class=\"x11i5rnm xat24cr x1mh8g0r x1vvkbs xtlvy1s x126k92a\">\n<div dir=\"auto\">Gregor von Narek verfasste religi\u00f6se Schriften, Kirchenhymnen und gilt als einer der V\u00e4ter der Hl. G\u00f6ttlichen Liturgie unserer Kirche. Sein &#8222;Buch der Klagelieder&#8220; (auch &#8222;Narek&#8220; genannt) ist ein Meisterwerk mittelalterlicher armenischer Dichtkunst und der geistlichen Spiritualit\u00e4t.<\/div>\n<div dir=\"auto\"><\/div>\n<\/div>\n<div class=\"x11i5rnm xat24cr x1mh8g0r x1vvkbs xtlvy1s x126k92a\">\n<div dir=\"auto\">Der von armenischen Gl\u00e4ubigen besonders geliebte und hochverehrte Heilige Gregor gilt in der Armenischen Kirche bereits seit sehr langem als Kirchenlehrer. Er wurde 2015 vom Papst Franziskus zum 36. Kirchenlehrer der r\u00f6misch-katholischen Kirche erhoben.<\/div>\n<\/div>\n<\/div><\/div><\/div><\/div><\/div>","protected":false},"excerpt":{"rendered":"","protected":false},"author":2,"featured_media":34954,"comment_status":"closed","ping_status":"open","sticky":false,"template":"","format":"standard","meta":{"footnotes":""},"categories":[154,19],"tags":[],"class_list":["post-34953","post","type-post","status-publish","format-standard","has-post-thumbnail","hentry","category-aktuell","category-dioezese"],"_links":{"self":[{"href":"https:\/\/www.dakd.de\/am\/wp-json\/wp\/v2\/posts\/34953","targetHints":{"allow":["GET"]}}],"collection":[{"href":"https:\/\/www.dakd.de\/am\/wp-json\/wp\/v2\/posts"}],"about":[{"href":"https:\/\/www.dakd.de\/am\/wp-json\/wp\/v2\/types\/post"}],"author":[{"embeddable":true,"href":"https:\/\/www.dakd.de\/am\/wp-json\/wp\/v2\/users\/2"}],"replies":[{"embeddable":true,"href":"https:\/\/www.dakd.de\/am\/wp-json\/wp\/v2\/comments?post=34953"}],"version-history":[{"count":2,"href":"https:\/\/www.dakd.de\/am\/wp-json\/wp\/v2\/posts\/34953\/revisions"}],"predecessor-version":[{"id":34956,"href":"https:\/\/www.dakd.de\/am\/wp-json\/wp\/v2\/posts\/34953\/revisions\/34956"}],"wp:featuredmedia":[{"embeddable":true,"href":"https:\/\/www.dakd.de\/am\/wp-json\/wp\/v2\/media\/34954"}],"wp:attachment":[{"href":"https:\/\/www.dakd.de\/am\/wp-json\/wp\/v2\/media?parent=34953"}],"wp:term":[{"taxonomy":"category","embeddable":true,"href":"https:\/\/www.dakd.de\/am\/wp-json\/wp\/v2\/categories?post=34953"},{"taxonomy":"post_tag","embeddable":true,"href":"https:\/\/www.dakd.de\/am\/wp-json\/wp\/v2\/tags?post=34953"}],"curies":[{"name":"wp","href":"https:\/\/api.w.org\/{rel}","templated":true}]}}